{"id":5899,"date":"2016-05-31T16:32:08","date_gmt":"2016-05-31T16:32:08","guid":{"rendered":"http:\/\/blogs.artinfo.com\/blunotes\/?p=5899"},"modified":"2016-05-31T16:32:08","modified_gmt":"2016-05-31T16:32:08","slug":"the-vision-fest-rolls-on-at-21-and-william-parkers-vision-hits-jazz-at-lincoln-center","status":"publish","type":"post","link":"http:\/\/larryblumenfeld.com\/index.php\/2016\/05\/31\/the-vision-fest-rolls-on-at-21-and-william-parkers-vision-hits-jazz-at-lincoln-center\/","title":{"rendered":"The Vision Fest Rolls On at 21, And William Parker&#039;s Vision Hits Jazz at Lincoln Center"},"content":{"rendered":"<p><figure id=\"attachment_5549\" aria-describedby=\"caption-attachment-5549\" style=\"width: 1127px\" class=\"wp-caption alignright\"><a href=\"http:\/\/blogs.artinfo.com\/blunotes\/files\/2015\/11\/WP_by_Peter_Gannushkin-09MR-1.jpg\"><img decoding=\"async\" loading=\"lazy\" class=\"wp-image-5549 size-full\" src=\"http:\/\/blogs.artinfo.com\/blunotes\/files\/2015\/11\/WP_by_Peter_Gannushkin-09MR-1.jpg\" alt=\"WP_by_Peter_Gannushkin-09MR-1\" width=\"1127\" height=\"1500\" \/><\/a><figcaption id=\"caption-attachment-5549\" class=\"wp-caption-text\">William Parker\/ photo by Peter Gannushkin<\/figcaption><\/figure><br \/>\nOnce, it might have been\u00a0hard to imagine bassist and composer <strong>William Parker<\/strong> headlining two nights at Jazz at Lincoln Center&#8217;s Dizzy&#8217;s Club in Manhattan.<br \/>\nIt will happen <a href=\"http:\/\/www.jazz.org\/dizzys\/events\/171297\/william_parker_cosmic_mountain_quintet\/\">July 26<\/a> &amp; <a href=\"http:\/\/www.jazz.org\/dizzys\/events\/171299\/william_parker_in_order_to_survive_extended_breathe_ensemble\/\">27<\/a>. And really, it makes perfect sense.<br \/>\nAs a bassist, composer and bandleader, Parker is one of modern jazz&#8217;s defining presences; as much as any musician, he fulfills a vision Dizzy Gillespie, the club&#8217;s namesake, had decades ago of jazz as an expansive and cross-cultural music, one never stuck in place and always connected to a larger social and political awareness. And by now anyone&#8217;s wrongheaded\u00a0view of Parker as simply a &#8220;downtown&#8221; musician (though that&#8217;s where he&#8217;s lived for a long time, and where he has anchored a community) have been erased by two forces: the sheer breadth and depth of Parker&#8217;s work; and the collapse in general of limiting categories when it comes to real jazz.\u00a0Also, more than a decade past the organization\u2019s founding, Jazz at Lincoln Center has notably broadened its bookings and ethos.<br \/>\nAt Dizzy\u2019s,<a href=\"http:\/\/blogs.artinfo.com\/blunotes\/2015\/09\/william-parker-big-sound-expansive-vision-and-beautiful-sky\/\"> Parker<\/a>, who composes music at a dizzying pace, will present new compositions. These will be performed on July 26 by a quintet, and on the 27<sup>th<\/sup> by an 8-piece edition of his In Order to Survive Ensemble (the second set, billed as \u201cExtended Breath,\u201d may involve yet more musicians). Both nights will feature the wondrous tenor saxophonist Kidd Jordan and drummer Hamid Drake (and any chance to hear Parker and Drake together is a reason to show up and get a good seat.)<br \/>\nOnce, it might have been hard to imagine Parker absent from New York City&#8217;s annual <strong><a href=\"http:\/\/www.artsforart.org\/vision-21.html\">Vision Festival<\/a><\/strong>\u2014this country&#8217;s essential gathering of avant-garde improvising musicians, and\u00a0a broader celebration of artistic purpose that also highlights dance, poetry and visual arts.<br \/>\nYet that, too, will happen.<br \/>\nParker was a founding force behind the festival, now in its 21st year, and a ubiquitous onstage presence.\u00a0This year, he&#8217;ll be in Calgary, Alberta, as composer &amp; musical director of the <a href=\"http:\/\/www.decidedlyjazz.com\/performances\/performances\/index.html\">Decidedly Jazz Danceworks<\/a>\u00a0brand\u00a0<a href=\"http:\/\/www.decidedlyjazz.com\/performances\/performances\/spring-show\">New Universe<\/a>\u00a0piece &amp; performance space during Vision Fest.<br \/>\nOddly perhaps, that circumstance makes a certain sense, too: The Vision fest&#8217;s\u00a0offerings (June 7-12) are so broad and strong, its cast of characters so deserving of their spotlights, that this year&#8217;s edition is no less satisfying with Parker on the road. (Full schedule <a href=\"http:\/\/www.artsforart.org\/vision-21.html\">here<\/a>.)<br \/>\n<figure id=\"attachment_5910\" aria-describedby=\"caption-attachment-5910\" style=\"width: 1050px\" class=\"wp-caption alignright\"><a href=\"http:\/\/blogs.artinfo.com\/blunotes\/files\/2016\/06\/Henry-Grimes-by-Hollis-King.jpg\"><img decoding=\"async\" loading=\"lazy\" class=\"size-full wp-image-5910\" src=\"http:\/\/blogs.artinfo.com\/blunotes\/files\/2016\/06\/Henry-Grimes-by-Hollis-King.jpg\" alt=\"Henry Grimes\/ photo Hollis King\" width=\"1050\" height=\"615\" \/><\/a><figcaption id=\"caption-attachment-5910\" class=\"wp-caption-text\">Henry Grimes\/ photo by Hollis King<\/figcaption><\/figure><br \/>\nAs happens annually, one artist is honored for a lifetime of achievement with a full evening as headliner. This year&#8217;s focus (June 7) is on bassist and violinist <strong>Henry Grimes<\/strong>, whose elemental work in the late 1950s is worth seeking out on recordings, and whose unlikely career resurgence in in 2003, involved a helping hand from Parker.<br \/>\nGrimes\u2019 story is itself wondrous.\u00a0He was among jazz\u2019s most sought-after bassists in the late \u201950s, and he played on free-jazz recordings in the \u201960s with the likes of Ayler, Cecil Taylor and Don Cherry. Then he just dropped out, disappeared from the scene for more than three decades.<br \/>\nI&#8217;ll never forget hearing Grimes,\u00a0playing a green-stained bass given to him by Parker, during a triumphant appearance at the 2003 Vision Festival. \u201cSomething happened,\u201d Grimes told me following that performance. \u201cIt was like a thick air came into the club and came right down on everybody in it. Everything that I\u2019ve strived for came true, with bigger implications for the future.\u201d Those implications have turned into realities in the years since.<br \/>\nOn June 7, Grimes will lead two powerhouse groups\u2014one a quartet that includes one of Grimes&#8217; contemporaries, drummer Andrew Cyrille, the other a septet including guitarist Marc Ribot, who has worked closely with Grimes since his return to the scene. In between, Grimes will be joined by several vocalists, performing songs by Lisa Sokolov, drawn from the original poems Grimes sometimes recites in performance.<br \/>\nThere are many highlights to this year&#8217;s fest. Among them:<br \/>\n\u2014<a href=\"http:\/\/blogs.artinfo.com\/blunotes\/2015\/10\/jen-shyu-sings-her-story-in-five-languages\/\">Jen Shyu<\/a>&#8216;s genre-and-border-defying songs (June 8)<br \/>\n\u2014Sun Ra Arkestra 60th anniversary celebration (June 8)<br \/>\n\u2014Saxophonist Jemeel Moondoc leading a quintet including pianist Matthew Shipp (June 9)<br \/>\n\u2014Garland of Blessing (Hamid Drake &#8211; drums,\u00a0Kidd Jordan &#8211; sax,\u00a0Cooper-Moore &#8211; piano,\u00a0Michael Bisio &#8211; bass\u2014June 9)<br \/>\n\u2014trumpeter Wadada Leo Smith&#8217;s\u00a0<strong>\u00a0<\/strong>with a viola Quartet and Electronics\u00a0(June 11)<br \/>\n\u2014saxophonist Kidd Jordan leading a quintet to close the fest (June 12)<br \/>\nAnd I&#8217;ll especially highlight the June 10 performance by <a href=\"http:\/\/blogs.artinfo.com\/blunotes\/2013\/04\/30-years-on-pianist-michele-rosewomans-dreams-still-seem-new\/\">Michele Rosewoman&#8217;s <strong>New Yor-Uba<\/strong><\/a>, a group that showcases no just a rare union of religious and folkloric Afro-Cuban forms with modern large-ensemble jazz but also the place of Afro-Latin lineage within the Vision Festival&#8217;s legacy.<br \/>\nI&#8217;ve been following New Yor-Uba closely. In an email, Rosewoman described the extended new work she will present at Vision as her attempt to &#8220;jump the octave&#8221; with this group, through a rhythmic suite and tribute to 23 orishas. The group includes bat\u00e1 and conga master Rom\u00e1n D\u00edaz, surrounded by others suitably skilled in rhythmic magic, such as bassist Yunior Terry, drummer Robby Ameen and percussionist Mauricio Herrera.<\/p>\n","protected":false},"excerpt":{"rendered":"<p>Once, it might have been\u00a0hard to imagine bassist and composer William Parker headlining two nights at Jazz at Lincoln Center&#8217;s Dizzy&#8217;s Club in Manhattan. It will happen July 26 &amp; 27. And really, it makes perfect sense. As a bassist, composer and bandleader, Parker is one of modern jazz&#8217;s defining presences; as much as any &hellip; <\/p>\n<p class=\"link-more\"><a href=\"http:\/\/larryblumenfeld.com\/index.php\/2016\/05\/31\/the-vision-fest-rolls-on-at-21-and-william-parkers-vision-hits-jazz-at-lincoln-center\/\" class=\"more-link\">Continue reading<span class=\"screen-reader-text\"> &#8220;The Vision Fest Rolls On at 21, And William Parker&#039;s Vision Hits Jazz at Lincoln Center&#8221;<\/span><\/a><\/p>\n","protected":false},"author":2,"featured_media":5910,"comment_status":"open","ping_status":"open","sticky":false,"template":"","format":"standard","meta":[],"categories":[1],"tags":[25,11,405,12,14,406,159,160],"_links":{"self":[{"href":"http:\/\/larryblumenfeld.com\/index.php\/wp-json\/wp\/v2\/posts\/5899"}],"collection":[{"href":"http:\/\/larryblumenfeld.com\/index.php\/wp-json\/wp\/v2\/posts"}],"about":[{"href":"http:\/\/larryblumenfeld.com\/index.php\/wp-json\/wp\/v2\/types\/post"}],"author":[{"embeddable":true,"href":"http:\/\/larryblumenfeld.com\/index.php\/wp-json\/wp\/v2\/users\/2"}],"replies":[{"embeddable":true,"href":"http:\/\/larryblumenfeld.com\/index.php\/wp-json\/wp\/v2\/comments?post=5899"}],"version-history":[{"count":0,"href":"http:\/\/larryblumenfeld.com\/index.php\/wp-json\/wp\/v2\/posts\/5899\/revisions"}],"wp:featuredmedia":[{"embeddable":true,"href":"http:\/\/larryblumenfeld.com\/index.php\/wp-json\/"}],"wp:attachment":[{"href":"http:\/\/larryblumenfeld.com\/index.php\/wp-json\/wp\/v2\/media?parent=5899"}],"wp:term":[{"taxonomy":"category","embeddable":true,"href":"http:\/\/larryblumenfeld.com\/index.php\/wp-json\/wp\/v2\/categories?post=5899"},{"taxonomy":"post_tag","embeddable":true,"href":"http:\/\/larryblumenfeld.com\/index.php\/wp-json\/wp\/v2\/tags?post=5899"}],"curies":[{"name":"wp","href":"https:\/\/api.w.org\/{rel}","templated":true}]}}